{"id":1392,"date":"2025-12-07T01:02:53","date_gmt":"2025-12-07T00:02:53","guid":{"rendered":"https:\/\/centrumorchidea.sk\/?p=1392"},"modified":"2025-12-07T01:02:54","modified_gmt":"2025-12-07T00:02:54","slug":"vianocna-atmosfera","status":"publish","type":"post","link":"https:\/\/centrumorchidea.sk\/index.php\/2025\/12\/07\/vianocna-atmosfera\/","title":{"rendered":"Viano\u010dn\u00e1 atmosf\u00e9ra"},"content":{"rendered":"\n<p>V Centre sa n\u00e1m u\u017e naplno roz\u017eiarila \u010darovn\u00e1 viano\u010dn\u00e1 atmosf\u00e9ra. Deti sa v uplynul\u00fdch d\u0148och s nad\u0161en\u00edm pustili do v\u00fdzdoby spolo\u010dn\u00fdch priestorov a vytvorili tak prostredie pln\u00e9 tepla, farieb a sviato\u010dnej n\u00e1lady.<\/p>\n\n\n\n<p>Pri zdoben\u00ed strom\u010deka, vyr\u00e1ban\u00ed papierov\u00fdch ozd\u00f4b, aran\u017eovan\u00ed svetielok \u010di tvorbe vlastn\u00fdch dekor\u00e1ci\u00ed prejavili ve\u013ea tvorivosti a radosti. Spolo\u010dn\u00e1 pr\u00e1ca im priniesla nielen pekn\u00e9 v\u00fdsledky, ale aj pr\u00edjemn\u00e9 chv\u00edle spolupr\u00e1ce a vz\u00e1jomnej podpory.<\/p>\n\n\n\n<p>Sviato\u010dne vyzdoben\u00e9 miestnosti teraz pripom\u00ednaj\u00fa, \u017ee Vianoce s\u00fa \u010dasom spolupatri\u010dnosti, l\u00e1skavosti a mal\u00fdch radost\u00ed. Deti s\u00fa pr\u00e1vom hrd\u00e9 na to, \u010do spolu dok\u00e1zali vytvori\u0165. Ich v\u00fdzdoba dotvorila n\u00e1dhern\u00fa viano\u010dn\u00fa atmosf\u00e9ru, o ktor\u00fa sa s rados\u0165ou delia aj s ostatn\u00fdmi.<\/p>\n\n\n<style type=\"text\/css\" scoped>.rbs_gallery_69f771a6e9ad5Spinner{\r\n\t\t\t\tmargin: 50px auto;\r\n\t\t\t\twidth: 50px;\r\n\t\t\t\theight: 40px;\r\n\t\t\t\ttext-align: center;\r\n\t\t\t\tfont-size: 10px;\r\n\t\t\t}\r\n\t\t\t.rbs_gallery_69f771a6e9ad5Spinner > div{\r\n\t\t\t  background-color: #333;\r\n\t\t\t  height: 100%;\r\n\t\t\t  width: 6px;\r\n\t\t\t  display: inline-block;\r\n\t\t\t  -webkit-animation: rbs_gallery_69f771a6e9ad5-stretchdelay 1.2s infinite ease-in-out;\r\n\t\t\t  animation: rbs_gallery_69f771a6e9ad5-stretchdelay 1.2s infinite ease-in-out;\r\n\t\t\t}\r\n\t\t\t.rbs_gallery_69f771a6e9ad5Spinner .rbs_gallery_69f771a6e9ad5Rect2 {\r\n\t\t\t  -webkit-animation-delay: -1.1s;\r\n\t\t\t  animation-delay: -1.1s;\r\n\t\t\t}\r\n\t\t\t.rbs_gallery_69f771a6e9ad5Spinner .rbs_gallery_69f771a6e9ad5Rect3 {\r\n\t\t\t  -webkit-animation-delay: -1.0s;\r\n\t\t\t  animation-delay: -1.0s;\r\n\t\t\t}\r\n\t\t\t.rbs_gallery_69f771a6e9ad5Spinner .rbs_gallery_69f771a6e9ad5Rect4 {\r\n\t\t\t  -webkit-animation-delay: -0.9s;\r\n\t\t\t  animation-delay: -0.9s;\r\n\t\t\t}\r\n\t\t\t.rbs_gallery_69f771a6e9ad5Spinner .rbs_gallery_69f771a6e9ad5Rect5 {\r\n\t\t\t  -webkit-animation-delay: -0.8s;\r\n\t\t\t  animation-delay: -0.8s;\r\n\t\t\t}\r\n\t\t\t@-webkit-keyframes rbs_gallery_69f771a6e9ad5-stretchdelay {\r\n\t\t\t  0%, 40%, 100% { -webkit-transform: scaleY(0.4) }  \r\n\t\t\t  20% { -webkit-transform: scaleY(1.0) }\r\n\t\t\t}\r\n\t\t\t@keyframes rbs_gallery_69f771a6e9ad5-stretchdelay {\r\n\t\t\t  0%, 40%, 100% { \r\n\t\t\t    transform: scaleY(0.4);\r\n\t\t\t    -webkit-transform: scaleY(0.4);\r\n\t\t\t  }  20% { \r\n\t\t\t    transform: scaleY(1.0);\r\n\t\t\t    -webkit-transform: scaleY(1.0);\r\n\t\t\t  }\r\n\t\t\t}\r\n\t\t<\/style><div class=\"robo-gallery-wrap robo-gallery-wrap-id1374 robo-gallery-masonry\" ><div id=\"rbs_gallery_69f771a6e9ad5-block-loader\" class=\"rbs_gallery_69f771a6e9ad5Spinner\"><div class=\"rbs_gallery_69f771a6e9ad5Rect1\"><\/div> <div class=\"rbs_gallery_69f771a6e9ad5Rect2\"><\/div> <div class=\"rbs_gallery_69f771a6e9ad5Rect3\"><\/div> <div class=\"rbs_gallery_69f771a6e9ad5Rect4\"><\/div> <div class=\"rbs_gallery_69f771a6e9ad5Rect5\"><\/div><\/div><div id=\"robo_gallery_main_block_rbs_gallery_69f771a6e9ad5\" class=\"robogallery-gallery-1374\" style=\"width:100%;  display: none;\"><div id=\"rbs_gallery_69f771a6e9ad5\" data-options=\"rbs_gallery_69f771a6e9ad5\" style=\"width:100%;\" class=\"robo_gallery  \"><div class=\"rbs-img  category1374 \" ><div class=\"rbs-img-image   rbs-lightbox \" ><div class=\"rbs-img-thumbs\"  data-thumbnail=\"https:\/\/centrumorchidea.sk\/wp-content\/uploads\/2025\/12\/595290776_824195740242770_1659491135332585975_n-600x1024.jpg\"  title=\"595290776_824195740242770_1659491135332585975_n\"  data-width=\"600\"  data-height=\"1024\" ><\/div><div class=\"rbs-img-data-popup\"  data-popup=\"https:\/\/centrumorchidea.sk\/wp-content\/uploads\/2025\/12\/595290776_824195740242770_1659491135332585975_n.jpg\"  title=\"595290776_824195740242770_1659491135332585975_n\" ><\/div><div class=\"thumbnail-overlay\"><div class=\"rbsTitle \">595290776_824195740242770_1659491135332585975_n<\/div><div class=\"rbsIcons\"><i class=\"fa fa-plus rbsZoomIcon \" ><\/i><\/div><\/div><\/div><\/div><div class=\"rbs-img  category1374 \" ><div class=\"rbs-img-image   rbs-lightbox \" ><div class=\"rbs-img-thumbs\"  data-thumbnail=\"https:\/\/centrumorchidea.sk\/wp-content\/uploads\/2025\/12\/595217329_824195733576104_5391073618320910062_n-138x300.jpg\"  title=\"595217329_824195733576104_5391073618320910062_n\"  data-width=\"138\"  data-height=\"300\" ><\/div><div class=\"rbs-img-data-popup\"  data-popup=\"https:\/\/centrumorchidea.sk\/wp-content\/uploads\/2025\/12\/595217329_824195733576104_5391073618320910062_n.jpg\"  title=\"595217329_824195733576104_5391073618320910062_n\" ><\/div><div class=\"thumbnail-overlay\"><div class=\"rbsTitle \">595217329_824195733576104_5391073618320910062_n<\/div><div class=\"rbsIcons\"><i class=\"fa fa-plus rbsZoomIcon \" ><\/i><\/div><\/div><\/div><\/div><div class=\"rbs-img  category1374 \" ><div class=\"rbs-img-image   rbs-lightbox \" ><div class=\"rbs-img-thumbs\"  data-thumbnail=\"https:\/\/centrumorchidea.sk\/wp-content\/uploads\/2025\/12\/595052129_824193900242954_3008912396142622710_n-600x1024.jpg\"  title=\"595052129_824193900242954_3008912396142622710_n\"  data-width=\"600\"  data-height=\"1024\" ><\/div><div class=\"rbs-img-data-popup\"  data-popup=\"https:\/\/centrumorchidea.sk\/wp-content\/uploads\/2025\/12\/595052129_824193900242954_3008912396142622710_n.jpg\"  title=\"595052129_824193900242954_3008912396142622710_n\" ><\/div><div class=\"thumbnail-overlay\"><div class=\"rbsTitle \">595052129_824193900242954_3008912396142622710_n<\/div><div class=\"rbsIcons\"><i class=\"fa fa-plus rbsZoomIcon \" ><\/i><\/div><\/div><\/div><\/div><div class=\"rbs-img  category1374 \" ><div class=\"rbs-img-image   rbs-lightbox \" ><div class=\"rbs-img-thumbs\"  data-thumbnail=\"https:\/\/centrumorchidea.sk\/wp-content\/uploads\/2025\/12\/594178300_824193926909618_8476347168472383210_n-600x1024.jpg\"  title=\"594178300_824193926909618_8476347168472383210_n\"  data-width=\"600\"  data-height=\"1024\" ><\/div><div class=\"rbs-img-data-popup\"  data-popup=\"https:\/\/centrumorchidea.sk\/wp-content\/uploads\/2025\/12\/594178300_824193926909618_8476347168472383210_n.jpg\"  title=\"594178300_824193926909618_8476347168472383210_n\" ><\/div><div class=\"thumbnail-overlay\"><div class=\"rbsTitle \">594178300_824193926909618_8476347168472383210_n<\/div><div class=\"rbsIcons\"><i class=\"fa fa-plus rbsZoomIcon \" ><\/i><\/div><\/div><\/div><\/div><div class=\"rbs-img  category1374 \" ><div class=\"rbs-img-image   rbs-lightbox \" ><div class=\"rbs-img-thumbs\"  data-thumbnail=\"https:\/\/centrumorchidea.sk\/wp-content\/uploads\/2025\/12\/594062528_824193903576287_7984286233637280136_n-600x1024.jpg\"  title=\"594062528_824193903576287_7984286233637280136_n\"  data-width=\"600\"  data-height=\"1024\" ><\/div><div class=\"rbs-img-data-popup\"  data-popup=\"https:\/\/centrumorchidea.sk\/wp-content\/uploads\/2025\/12\/594062528_824193903576287_7984286233637280136_n.jpg\"  title=\"594062528_824193903576287_7984286233637280136_n\" ><\/div><div class=\"thumbnail-overlay\"><div class=\"rbsTitle \">594062528_824193903576287_7984286233637280136_n<\/div><div class=\"rbsIcons\"><i class=\"fa fa-plus rbsZoomIcon \" ><\/i><\/div><\/div><\/div><\/div><div class=\"rbs-img  category1374 \" ><div class=\"rbs-img-image   rbs-lightbox \" ><div class=\"rbs-img-thumbs\"  data-thumbnail=\"https:\/\/centrumorchidea.sk\/wp-content\/uploads\/2025\/12\/IMG_3964-600x1024.jpg\"  title=\"IMG_3964\"  data-width=\"600\"  data-height=\"1024\" ><\/div><div class=\"rbs-img-data-popup\"  data-popup=\"https:\/\/centrumorchidea.sk\/wp-content\/uploads\/2025\/12\/IMG_3964-scaled.jpg\"  title=\"IMG_3964\" ><\/div><div class=\"thumbnail-overlay\"><div class=\"rbsTitle \">IMG_3964<\/div><div class=\"rbsIcons\"><i class=\"fa fa-plus rbsZoomIcon \" ><\/i><\/div><\/div><\/div><\/div><div class=\"rbs-img  category1374 \" ><div class=\"rbs-img-image   rbs-lightbox \" ><div class=\"rbs-img-thumbs\"  data-thumbnail=\"https:\/\/centrumorchidea.sk\/wp-content\/uploads\/2025\/12\/IMG_3965-225x300.jpg\"  title=\"IMG_3965\"  data-width=\"225\"  data-height=\"300\" ><\/div><div class=\"rbs-img-data-popup\"  data-popup=\"https:\/\/centrumorchidea.sk\/wp-content\/uploads\/2025\/12\/IMG_3965-scaled.jpg\"  title=\"IMG_3965\" ><\/div><div class=\"thumbnail-overlay\"><div class=\"rbsTitle \">IMG_3965<\/div><div class=\"rbsIcons\"><i class=\"fa fa-plus rbsZoomIcon \" ><\/i><\/div><\/div><\/div><\/div><\/div><\/div><\/div><script>var rbs_gallery_69f771a6e9ad5 = {\"version\":\"3.2.20\",\"id\":1374,\"class\":\"id1374\",\"roboGalleryDelay\":1000,\"mainContainer\":\"#robo_gallery_main_block_rbs_gallery_69f771a6e9ad5\",\"loadingContainer\":\"#rbs_gallery_69f771a6e9ad5-block-loader\",\"loadingContainerObj\":\"rbs_gallery_69f771a6e9ad5-block-loader\",\"columnWidth\":\"auto\",\"columns\":3,\"resolutions\":[{\"columnWidth\":\"auto\",\"columns\":3,\"maxWidth\":960},{\"columnWidth\":\"auto\",\"columns\":2,\"maxWidth\":650},{\"columnWidth\":\"auto\",\"columns\":1,\"maxWidth\":450}],\"lightboxOptions\":{\"gallery\":{\"enabled\":true,\"tCounter\":\"%curr% of %total%\"}},\"overlayEffect\":\"direction-aware-fade\",\"boxesToLoadStart\":12,\"boxesToLoad\":8,\"waitUntilThumbLoads\":1,\"LoadingWord\":\"Loading...\",\"loadMoreWord\":\"Load More\",\"noMoreEntriesWord\":\"No More Entries\",\"horizontalSpaceBetweenBoxes\":15,\"verticalSpaceBetweenBoxes\":15,\"lazyLoad\":1,\"wrapContainer\":\"#robo-gallery-wrap-rbs_gallery_69f771a6e9ad5\"};<\/script>","protected":false},"excerpt":{"rendered":"<p>V Centre sa n\u00e1m u\u017e naplno roz\u017eiarila \u010darovn\u00e1 viano\u010dn\u00e1 atmosf\u00e9ra. Deti sa v uplynul\u00fdch d\u0148och s nad\u0161en\u00edm pustili do v\u00fdzdoby spolo\u010dn\u00fdch priestorov a vytvorili tak prostredie pln\u00e9 tepla, farieb a sviato\u010dnej n\u00e1lady. Pri zdoben\u00ed strom\u010deka, vyr\u00e1ban\u00ed papierov\u00fdch ozd\u00f4b, aran\u017eovan\u00ed svetielok \u010di tvorbe vlastn\u00fdch dekor\u00e1ci\u00ed prejavili ve\u013ea tvorivosti a radosti. Spolo\u010dn\u00e1 pr\u00e1ca im priniesla nielen pekn\u00e9 v\u00fdsledky, ale aj pr\u00edjemn\u00e9 chv\u00edle spolupr\u00e1ce a vz\u00e1jomnej podpory. Sviato\u010dne vyzdoben\u00e9 miestnosti teraz pripom\u00ednaj\u00fa, \u017ee Vianoce s\u00fa \u010dasom spolupatri\u010dnosti, l\u00e1skavosti a mal\u00fdch radost\u00ed. Deti s\u00fa pr\u00e1vom hrd\u00e9 na to, \u010do spolu dok\u00e1zali vytvori\u0165. Ich v\u00fdzdoba dotvorila n\u00e1dhern\u00fa viano\u010dn\u00fa atmosf\u00e9ru, o ktor\u00fa sa s rados\u0165ou delia aj s ostatn\u00fdmi.<\/p>\n","protected":false},"author":2,"featured_media":1377,"comment_status":"closed","ping_status":"open","sticky":false,"template":"","format":"standard","meta":{"_monsterinsights_skip_tracking":false,"_monsterinsights_sitenote_active":false,"_monsterinsights_sitenote_note":"","_monsterinsights_sitenote_category":0,"footnotes":""},"categories":[12,10],"tags":[],"yoast_head":"<!-- This site is optimized with the Yoast SEO plugin v22.7 - https:\/\/yoast.com\/wordpress\/plugins\/seo\/ -->\n<title>Viano\u010dn\u00e1 atmosf\u00e9ra - Orchidea n.o.<\/title>\n<meta name=\"robots\" content=\"index, follow, max-snippet:-1, max-image-preview:large, max-video-preview:-1\" \/>\n<link rel=\"canonical\" href=\"https:\/\/centrumorchidea.sk\/index.php\/2025\/12\/07\/vianocna-atmosfera\/\" \/>\n<meta property=\"og:locale\" content=\"sk_SK\" \/>\n<meta property=\"og:type\" content=\"article\" \/>\n<meta property=\"og:title\" content=\"Viano\u010dn\u00e1 atmosf\u00e9ra - Orchidea n.o.\" \/>\n<meta property=\"og:description\" content=\"V Centre sa n\u00e1m u\u017e naplno roz\u017eiarila \u010darovn\u00e1 viano\u010dn\u00e1 atmosf\u00e9ra. Deti sa v uplynul\u00fdch d\u0148och s nad\u0161en\u00edm pustili do v\u00fdzdoby spolo\u010dn\u00fdch priestorov a vytvorili tak prostredie pln\u00e9 tepla, farieb a sviato\u010dnej n\u00e1lady. Pri zdoben\u00ed strom\u010deka, vyr\u00e1ban\u00ed papierov\u00fdch ozd\u00f4b, aran\u017eovan\u00ed svetielok \u010di tvorbe vlastn\u00fdch dekor\u00e1ci\u00ed prejavili ve\u013ea tvorivosti a radosti. Spolo\u010dn\u00e1 pr\u00e1ca im priniesla nielen pekn\u00e9 v\u00fdsledky, ale aj pr\u00edjemn\u00e9 chv\u00edle spolupr\u00e1ce a vz\u00e1jomnej podpory. Sviato\u010dne vyzdoben\u00e9 miestnosti teraz pripom\u00ednaj\u00fa, \u017ee Vianoce s\u00fa \u010dasom spolupatri\u010dnosti, l\u00e1skavosti a mal\u00fdch radost\u00ed. Deti s\u00fa pr\u00e1vom hrd\u00e9 na to, \u010do spolu dok\u00e1zali vytvori\u0165. Ich v\u00fdzdoba dotvorila n\u00e1dhern\u00fa viano\u010dn\u00fa atmosf\u00e9ru, o ktor\u00fa sa s rados\u0165ou delia aj s ostatn\u00fdmi.\" \/>\n<meta property=\"og:url\" content=\"https:\/\/centrumorchidea.sk\/index.php\/2025\/12\/07\/vianocna-atmosfera\/\" \/>\n<meta property=\"og:site_name\" content=\"Orchidea n.o.\" \/>\n<meta property=\"article:published_time\" content=\"2025-12-07T00:02:53+00:00\" \/>\n<meta property=\"article:modified_time\" content=\"2025-12-07T00:02:54+00:00\" \/>\n<meta property=\"og:image\" content=\"http:\/\/centrumorchidea.sk\/wp-content\/uploads\/2025\/12\/595052129_824193900242954_3008912396142622710_n.jpg\" \/>\n\t<meta property=\"og:image:width\" content=\"1536\" \/>\n\t<meta property=\"og:image:height\" content=\"2048\" \/>\n\t<meta property=\"og:image:type\" content=\"image\/jpeg\" \/>\n<meta name=\"author\" content=\"Orchidea n.o.\" \/>\n<meta name=\"twitter:card\" content=\"summary_large_image\" \/>\n<meta name=\"twitter:label1\" content=\"Autor\" \/>\n\t<meta name=\"twitter:data1\" content=\"Orchidea n.o.\" \/>\n\t<meta name=\"twitter:label2\" content=\"Predpokladan\u00fd \u010das \u010d\u00edtania\" \/>\n\t<meta name=\"twitter:data2\" content=\"1 min\u00fata\" \/>\n<script type=\"application\/ld+json\" class=\"yoast-schema-graph\">{\"@context\":\"https:\/\/schema.org\",\"@graph\":[{\"@type\":\"WebPage\",\"@id\":\"https:\/\/centrumorchidea.sk\/index.php\/2025\/12\/07\/vianocna-atmosfera\/\",\"url\":\"https:\/\/centrumorchidea.sk\/index.php\/2025\/12\/07\/vianocna-atmosfera\/\",\"name\":\"Viano\u010dn\u00e1 atmosf\u00e9ra - Orchidea n.o.\",\"isPartOf\":{\"@id\":\"https:\/\/centrumorchidea.sk\/#website\"},\"primaryImageOfPage\":{\"@id\":\"https:\/\/centrumorchidea.sk\/index.php\/2025\/12\/07\/vianocna-atmosfera\/#primaryimage\"},\"image\":{\"@id\":\"https:\/\/centrumorchidea.sk\/index.php\/2025\/12\/07\/vianocna-atmosfera\/#primaryimage\"},\"thumbnailUrl\":\"https:\/\/centrumorchidea.sk\/wp-content\/uploads\/2025\/12\/595052129_824193900242954_3008912396142622710_n.jpg\",\"datePublished\":\"2025-12-07T00:02:53+00:00\",\"dateModified\":\"2025-12-07T00:02:54+00:00\",\"author\":{\"@id\":\"https:\/\/centrumorchidea.sk\/#\/schema\/person\/30cd236ca2f9ad32944dfe0dac27ede2\"},\"breadcrumb\":{\"@id\":\"https:\/\/centrumorchidea.sk\/index.php\/2025\/12\/07\/vianocna-atmosfera\/#breadcrumb\"},\"inLanguage\":\"sk-SK\",\"potentialAction\":[{\"@type\":\"ReadAction\",\"target\":[\"https:\/\/centrumorchidea.sk\/index.php\/2025\/12\/07\/vianocna-atmosfera\/\"]}]},{\"@type\":\"ImageObject\",\"inLanguage\":\"sk-SK\",\"@id\":\"https:\/\/centrumorchidea.sk\/index.php\/2025\/12\/07\/vianocna-atmosfera\/#primaryimage\",\"url\":\"https:\/\/centrumorchidea.sk\/wp-content\/uploads\/2025\/12\/595052129_824193900242954_3008912396142622710_n.jpg\",\"contentUrl\":\"https:\/\/centrumorchidea.sk\/wp-content\/uploads\/2025\/12\/595052129_824193900242954_3008912396142622710_n.jpg\",\"width\":1536,\"height\":2048},{\"@type\":\"BreadcrumbList\",\"@id\":\"https:\/\/centrumorchidea.sk\/index.php\/2025\/12\/07\/vianocna-atmosfera\/#breadcrumb\",\"itemListElement\":[{\"@type\":\"ListItem\",\"position\":1,\"name\":\"Home\",\"item\":\"https:\/\/centrumorchidea.sk\/\"},{\"@type\":\"ListItem\",\"position\":2,\"name\":\"Viano\u010dn\u00e1 atmosf\u00e9ra\"}]},{\"@type\":\"WebSite\",\"@id\":\"https:\/\/centrumorchidea.sk\/#website\",\"url\":\"https:\/\/centrumorchidea.sk\/\",\"name\":\"Orchidea n.o.\",\"description\":\"NA\u0160IM CIE\u013dOM JE FUNK\u010cN\u00c1 RODINA = SPOKOJN\u00c9 DIE\u0164A  A \u00daSPE\u0160N\u00dd \u010cLOVEK \",\"potentialAction\":[{\"@type\":\"SearchAction\",\"target\":{\"@type\":\"EntryPoint\",\"urlTemplate\":\"https:\/\/centrumorchidea.sk\/?s={search_term_string}\"},\"query-input\":\"required name=search_term_string\"}],\"inLanguage\":\"sk-SK\"},{\"@type\":\"Person\",\"@id\":\"https:\/\/centrumorchidea.sk\/#\/schema\/person\/30cd236ca2f9ad32944dfe0dac27ede2\",\"name\":\"Orchidea n.o.\",\"image\":{\"@type\":\"ImageObject\",\"inLanguage\":\"sk-SK\",\"@id\":\"https:\/\/centrumorchidea.sk\/#\/schema\/person\/image\/\",\"url\":\"https:\/\/secure.gravatar.com\/avatar\/bb6f366d06c7db91570414c441ff67b3?s=96&d=mm&r=g\",\"contentUrl\":\"https:\/\/secure.gravatar.com\/avatar\/bb6f366d06c7db91570414c441ff67b3?s=96&d=mm&r=g\",\"caption\":\"Orchidea n.o.\"},\"sameAs\":[\"http:\/\/centrumorchidea.sk\"],\"url\":\"https:\/\/centrumorchidea.sk\/index.php\/author\/orchidea\/\"}]}<\/script>\n<!-- \/ Yoast SEO plugin. -->","yoast_head_json":{"title":"Viano\u010dn\u00e1 atmosf\u00e9ra - Orchidea n.o.","robots":{"index":"index","follow":"follow","max-snippet":"max-snippet:-1","max-image-preview":"max-image-preview:large","max-video-preview":"max-video-preview:-1"},"canonical":"https:\/\/centrumorchidea.sk\/index.php\/2025\/12\/07\/vianocna-atmosfera\/","og_locale":"sk_SK","og_type":"article","og_title":"Viano\u010dn\u00e1 atmosf\u00e9ra - Orchidea n.o.","og_description":"V Centre sa n\u00e1m u\u017e naplno roz\u017eiarila \u010darovn\u00e1 viano\u010dn\u00e1 atmosf\u00e9ra. Deti sa v uplynul\u00fdch d\u0148och s nad\u0161en\u00edm pustili do v\u00fdzdoby spolo\u010dn\u00fdch priestorov a vytvorili tak prostredie pln\u00e9 tepla, farieb a sviato\u010dnej n\u00e1lady. Pri zdoben\u00ed strom\u010deka, vyr\u00e1ban\u00ed papierov\u00fdch ozd\u00f4b, aran\u017eovan\u00ed svetielok \u010di tvorbe vlastn\u00fdch dekor\u00e1ci\u00ed prejavili ve\u013ea tvorivosti a radosti. Spolo\u010dn\u00e1 pr\u00e1ca im priniesla nielen pekn\u00e9 v\u00fdsledky, ale aj pr\u00edjemn\u00e9 chv\u00edle spolupr\u00e1ce a vz\u00e1jomnej podpory. Sviato\u010dne vyzdoben\u00e9 miestnosti teraz pripom\u00ednaj\u00fa, \u017ee Vianoce s\u00fa \u010dasom spolupatri\u010dnosti, l\u00e1skavosti a mal\u00fdch radost\u00ed. Deti s\u00fa pr\u00e1vom hrd\u00e9 na to, \u010do spolu dok\u00e1zali vytvori\u0165. Ich v\u00fdzdoba dotvorila n\u00e1dhern\u00fa viano\u010dn\u00fa atmosf\u00e9ru, o ktor\u00fa sa s rados\u0165ou delia aj s ostatn\u00fdmi.","og_url":"https:\/\/centrumorchidea.sk\/index.php\/2025\/12\/07\/vianocna-atmosfera\/","og_site_name":"Orchidea n.o.","article_published_time":"2025-12-07T00:02:53+00:00","article_modified_time":"2025-12-07T00:02:54+00:00","og_image":[{"width":1536,"height":2048,"url":"http:\/\/centrumorchidea.sk\/wp-content\/uploads\/2025\/12\/595052129_824193900242954_3008912396142622710_n.jpg","type":"image\/jpeg"}],"author":"Orchidea n.o.","twitter_card":"summary_large_image","twitter_misc":{"Autor":"Orchidea n.o.","Predpokladan\u00fd \u010das \u010d\u00edtania":"1 min\u00fata"},"schema":{"@context":"https:\/\/schema.org","@graph":[{"@type":"WebPage","@id":"https:\/\/centrumorchidea.sk\/index.php\/2025\/12\/07\/vianocna-atmosfera\/","url":"https:\/\/centrumorchidea.sk\/index.php\/2025\/12\/07\/vianocna-atmosfera\/","name":"Viano\u010dn\u00e1 atmosf\u00e9ra - Orchidea n.o.","isPartOf":{"@id":"https:\/\/centrumorchidea.sk\/#website"},"primaryImageOfPage":{"@id":"https:\/\/centrumorchidea.sk\/index.php\/2025\/12\/07\/vianocna-atmosfera\/#primaryimage"},"image":{"@id":"https:\/\/centrumorchidea.sk\/index.php\/2025\/12\/07\/vianocna-atmosfera\/#primaryimage"},"thumbnailUrl":"https:\/\/centrumorchidea.sk\/wp-content\/uploads\/2025\/12\/595052129_824193900242954_3008912396142622710_n.jpg","datePublished":"2025-12-07T00:02:53+00:00","dateModified":"2025-12-07T00:02:54+00:00","author":{"@id":"https:\/\/centrumorchidea.sk\/#\/schema\/person\/30cd236ca2f9ad32944dfe0dac27ede2"},"breadcrumb":{"@id":"https:\/\/centrumorchidea.sk\/index.php\/2025\/12\/07\/vianocna-atmosfera\/#breadcrumb"},"inLanguage":"sk-SK","potentialAction":[{"@type":"ReadAction","target":["https:\/\/centrumorchidea.sk\/index.php\/2025\/12\/07\/vianocna-atmosfera\/"]}]},{"@type":"ImageObject","inLanguage":"sk-SK","@id":"https:\/\/centrumorchidea.sk\/index.php\/2025\/12\/07\/vianocna-atmosfera\/#primaryimage","url":"https:\/\/centrumorchidea.sk\/wp-content\/uploads\/2025\/12\/595052129_824193900242954_3008912396142622710_n.jpg","contentUrl":"https:\/\/centrumorchidea.sk\/wp-content\/uploads\/2025\/12\/595052129_824193900242954_3008912396142622710_n.jpg","width":1536,"height":2048},{"@type":"BreadcrumbList","@id":"https:\/\/centrumorchidea.sk\/index.php\/2025\/12\/07\/vianocna-atmosfera\/#breadcrumb","itemListElement":[{"@type":"ListItem","position":1,"name":"Home","item":"https:\/\/centrumorchidea.sk\/"},{"@type":"ListItem","position":2,"name":"Viano\u010dn\u00e1 atmosf\u00e9ra"}]},{"@type":"WebSite","@id":"https:\/\/centrumorchidea.sk\/#website","url":"https:\/\/centrumorchidea.sk\/","name":"Orchidea n.o.","description":"NA\u0160IM CIE\u013dOM JE FUNK\u010cN\u00c1 RODINA = SPOKOJN\u00c9 DIE\u0164A  A \u00daSPE\u0160N\u00dd \u010cLOVEK ","potentialAction":[{"@type":"SearchAction","target":{"@type":"EntryPoint","urlTemplate":"https:\/\/centrumorchidea.sk\/?s={search_term_string}"},"query-input":"required name=search_term_string"}],"inLanguage":"sk-SK"},{"@type":"Person","@id":"https:\/\/centrumorchidea.sk\/#\/schema\/person\/30cd236ca2f9ad32944dfe0dac27ede2","name":"Orchidea n.o.","image":{"@type":"ImageObject","inLanguage":"sk-SK","@id":"https:\/\/centrumorchidea.sk\/#\/schema\/person\/image\/","url":"https:\/\/secure.gravatar.com\/avatar\/bb6f366d06c7db91570414c441ff67b3?s=96&d=mm&r=g","contentUrl":"https:\/\/secure.gravatar.com\/avatar\/bb6f366d06c7db91570414c441ff67b3?s=96&d=mm&r=g","caption":"Orchidea n.o."},"sameAs":["http:\/\/centrumorchidea.sk"],"url":"https:\/\/centrumorchidea.sk\/index.php\/author\/orchidea\/"}]}},"_links":{"self":[{"href":"https:\/\/centrumorchidea.sk\/index.php\/wp-json\/wp\/v2\/posts\/1392"}],"collection":[{"href":"https:\/\/centrumorchidea.sk\/index.php\/wp-json\/wp\/v2\/posts"}],"about":[{"href":"https:\/\/centrumorchidea.sk\/index.php\/wp-json\/wp\/v2\/types\/post"}],"author":[{"embeddable":true,"href":"https:\/\/centrumorchidea.sk\/index.php\/wp-json\/wp\/v2\/users\/2"}],"replies":[{"embeddable":true,"href":"https:\/\/centrumorchidea.sk\/index.php\/wp-json\/wp\/v2\/comments?post=1392"}],"version-history":[{"count":1,"href":"https:\/\/centrumorchidea.sk\/index.php\/wp-json\/wp\/v2\/posts\/1392\/revisions"}],"predecessor-version":[{"id":1393,"href":"https:\/\/centrumorchidea.sk\/index.php\/wp-json\/wp\/v2\/posts\/1392\/revisions\/1393"}],"wp:featuredmedia":[{"embeddable":true,"href":"https:\/\/centrumorchidea.sk\/index.php\/wp-json\/wp\/v2\/media\/1377"}],"wp:attachment":[{"href":"https:\/\/centrumorchidea.sk\/index.php\/wp-json\/wp\/v2\/media?parent=1392"}],"wp:term":[{"taxonomy":"category","embeddable":true,"href":"https:\/\/centrumorchidea.sk\/index.php\/wp-json\/wp\/v2\/categories?post=1392"},{"taxonomy":"post_tag","embeddable":true,"href":"https:\/\/centrumorchidea.sk\/index.php\/wp-json\/wp\/v2\/tags?post=1392"}],"curies":[{"name":"wp","href":"https:\/\/api.w.org\/{rel}","templated":true}]}}