{"id":791,"date":"2024-11-21T12:15:56","date_gmt":"2024-11-21T11:15:56","guid":{"rendered":"https:\/\/centrumorchidea.sk\/?p=791"},"modified":"2024-11-28T20:22:36","modified_gmt":"2024-11-28T19:22:36","slug":"jesenna-prechadzka-plna-kreativity-deti-tvorili-vlastne-stromceky-z-kartonu","status":"publish","type":"post","link":"https:\/\/centrumorchidea.sk\/index.php\/2024\/11\/21\/jesenna-prechadzka-plna-kreativity-deti-tvorili-vlastne-stromceky-z-kartonu\/","title":{"rendered":"Jesenn\u00e1 prech\u00e1dzka pln\u00e1 kreativity: Deti tvorili vlastn\u00e9 strom\u010deky z kart\u00f3nu"},"content":{"rendered":"\n<p>Jese\u0148 je obdob\u00edm, ktor\u00e9 prin\u00e1\u0161a n\u00e1dhern\u00e9 farebn\u00e9 scen\u00e9rie a nekone\u010dn\u00e9 mo\u017enosti na tvorenie. Deti z n\u00e1\u0161ho Centra sa spolu s pani vychov\u00e1vate\u013ekami rozhodli vyu\u017ei\u0165 tento \u010das na jedine\u010dn\u00fd kreat\u00edvny projekt.<\/p>\n\n\n\n<p>Po\u010das prech\u00e1dzky pr\u00edrodou si deti v\u0161\u00edmali kr\u00e1su opadan\u00e9ho l\u00edstia, ktor\u00e9 hr\u00e1 v\u0161etk\u00fdmi farbami jesene. Spolo\u010dne nazbierali r\u00f4zne druhy listov, ktor\u00e9 sa stali z\u00e1kladom pre ich jesenn\u00fa v\u00fdzdobu. Potom sa pustili do pr\u00e1ce: z kart\u00f3nu si vytvorili z\u00e1klady strom\u010dekov a pomocou nazbieran\u00e9ho l\u00edstia ich ozdobili pod\u013ea vlastnej predstavivosti.<\/p>\n\n\n\n<p>Ka\u017ed\u00fd strom\u010dek je origin\u00e1lny a odr\u00e1\u017ea jedine\u010dn\u00fa tvorivos\u0165 mal\u00fdch umelcov. Niektor\u00e9 deti si zvolili pestrofarebn\u00e9 kombin\u00e1cie, in\u00e9 dali prednos\u0165 jednoduchej elegancii z jedn\u00e9ho druhu listov. Pani vychov\u00e1vate\u013eky ich pri tom jemne usmer\u0148ovali, ale nech\u00e1vali dostatok priestoru na vlastn\u00e9 n\u00e1pady.<\/p>\n\n\n\n<p>Pri tejto aktivite si deti nielen rozv\u00edjali jemn\u00fa motoriku, ale z\u00e1rove\u0148 sa u\u010dili pracova\u0165 s r\u00f4znymi materi\u00e1lmi a rozv\u00edja\u0165 svoju fant\u00e1ziu. V\u00fdsledkom ich \u00fasilia je n\u00e1dhern\u00e1 jesenn\u00e1 v\u00fdzdoba, ktor\u00e1 teraz skr\u00e1\u0161\u013euje interi\u00e9r Centra a prin\u00e1\u0161a k\u00fasok pr\u00edrody aj dnu.<\/p>\n\n\n\n<p>Te\u0161\u00edme sa, \u017ee deti m\u00f4\u017eu za\u017ei\u0165 tak\u00e9to chv\u00edle pln\u00e9 radosti a kreativity, a sme hrd\u00ed na ich \u0161ikovnos\u0165 a nad\u0161enie pre tvorbu. Jesenn\u00e9 strom\u010deky s\u00fa d\u00f4kazom, \u017ee aj jednoduch\u00e9 materi\u00e1ly z pr\u00edrody m\u00f4\u017eu by\u0165 z\u00e1kladom pre \u00fa\u017easn\u00e9 diela. \ud83c\udf3f\ud83c\udf41<\/p>\n\n\n\n<figure class=\"wp-block-gallery has-nested-images columns-default is-cropped wp-block-gallery-1 is-layout-flex wp-block-gallery-is-layout-flex\">\n<figure class=\"wp-block-image size-large\"><img loading=\"lazy\" decoding=\"async\" width=\"768\" height=\"1024\" data-id=\"770\" src=\"https:\/\/centrumorchidea.sk\/wp-content\/uploads\/2024\/11\/464856788_529823863013294_8917491954106986995_n-768x1024.jpg\" alt=\"\" class=\"wp-image-770\" srcset=\"https:\/\/centrumorchidea.sk\/wp-content\/uploads\/2024\/11\/464856788_529823863013294_8917491954106986995_n-768x1024.jpg 768w, https:\/\/centrumorchidea.sk\/wp-content\/uploads\/2024\/11\/464856788_529823863013294_8917491954106986995_n-225x300.jpg 225w, https:\/\/centrumorchidea.sk\/wp-content\/uploads\/2024\/11\/464856788_529823863013294_8917491954106986995_n-1152x1536.jpg 1152w, https:\/\/centrumorchidea.sk\/wp-content\/uploads\/2024\/11\/464856788_529823863013294_8917491954106986995_n.jpg 1536w\" sizes=\"(max-width: 768px) 100vw, 768px\" \/><\/figure>\n\n\n\n<figure class=\"wp-block-image size-large\"><img loading=\"lazy\" decoding=\"async\" width=\"1024\" height=\"768\" data-id=\"771\" src=\"https:\/\/centrumorchidea.sk\/wp-content\/uploads\/2024\/11\/464980082_529823893013291_2444771398934383249_n-1024x768.jpg\" alt=\"\" class=\"wp-image-771\" srcset=\"https:\/\/centrumorchidea.sk\/wp-content\/uploads\/2024\/11\/464980082_529823893013291_2444771398934383249_n-1024x768.jpg 1024w, https:\/\/centrumorchidea.sk\/wp-content\/uploads\/2024\/11\/464980082_529823893013291_2444771398934383249_n-300x225.jpg 300w, https:\/\/centrumorchidea.sk\/wp-content\/uploads\/2024\/11\/464980082_529823893013291_2444771398934383249_n-768x576.jpg 768w, https:\/\/centrumorchidea.sk\/wp-content\/uploads\/2024\/11\/464980082_529823893013291_2444771398934383249_n-1536x1152.jpg 1536w, https:\/\/centrumorchidea.sk\/wp-content\/uploads\/2024\/11\/464980082_529823893013291_2444771398934383249_n.jpg 2048w\" sizes=\"(max-width: 1024px) 100vw, 1024px\" \/><\/figure>\n\n\n\n<figure class=\"wp-block-image size-large\"><img loading=\"lazy\" decoding=\"async\" width=\"768\" height=\"1024\" data-id=\"774\" src=\"https:\/\/centrumorchidea.sk\/wp-content\/uploads\/2024\/11\/464718007_529823916346622_1877767065990524759_n-768x1024.jpg\" alt=\"\" class=\"wp-image-774\" srcset=\"https:\/\/centrumorchidea.sk\/wp-content\/uploads\/2024\/11\/464718007_529823916346622_1877767065990524759_n-768x1024.jpg 768w, https:\/\/centrumorchidea.sk\/wp-content\/uploads\/2024\/11\/464718007_529823916346622_1877767065990524759_n-225x300.jpg 225w, https:\/\/centrumorchidea.sk\/wp-content\/uploads\/2024\/11\/464718007_529823916346622_1877767065990524759_n-1152x1536.jpg 1152w, https:\/\/centrumorchidea.sk\/wp-content\/uploads\/2024\/11\/464718007_529823916346622_1877767065990524759_n.jpg 1536w\" sizes=\"(max-width: 768px) 100vw, 768px\" \/><\/figure>\n\n\n\n<figure class=\"wp-block-image size-large\"><img loading=\"lazy\" decoding=\"async\" width=\"768\" height=\"1024\" data-id=\"775\" src=\"https:\/\/centrumorchidea.sk\/wp-content\/uploads\/2024\/11\/464689109_529823806346633_1694736561177373286_n-768x1024.jpg\" alt=\"\" class=\"wp-image-775\" srcset=\"https:\/\/centrumorchidea.sk\/wp-content\/uploads\/2024\/11\/464689109_529823806346633_1694736561177373286_n-768x1024.jpg 768w, https:\/\/centrumorchidea.sk\/wp-content\/uploads\/2024\/11\/464689109_529823806346633_1694736561177373286_n-225x300.jpg 225w, https:\/\/centrumorchidea.sk\/wp-content\/uploads\/2024\/11\/464689109_529823806346633_1694736561177373286_n-1152x1536.jpg 1152w, https:\/\/centrumorchidea.sk\/wp-content\/uploads\/2024\/11\/464689109_529823806346633_1694736561177373286_n.jpg 1536w\" sizes=\"(max-width: 768px) 100vw, 768px\" \/><\/figure>\n\n\n\n<figure class=\"wp-block-image size-large\"><img loading=\"lazy\" decoding=\"async\" width=\"768\" height=\"1024\" data-id=\"773\" src=\"https:\/\/centrumorchidea.sk\/wp-content\/uploads\/2024\/11\/464716906_529823826346631_6848718659976921262_n-768x1024.jpg\" alt=\"\" class=\"wp-image-773\" srcset=\"https:\/\/centrumorchidea.sk\/wp-content\/uploads\/2024\/11\/464716906_529823826346631_6848718659976921262_n-768x1024.jpg 768w, https:\/\/centrumorchidea.sk\/wp-content\/uploads\/2024\/11\/464716906_529823826346631_6848718659976921262_n-225x300.jpg 225w, https:\/\/centrumorchidea.sk\/wp-content\/uploads\/2024\/11\/464716906_529823826346631_6848718659976921262_n-1152x1536.jpg 1152w, https:\/\/centrumorchidea.sk\/wp-content\/uploads\/2024\/11\/464716906_529823826346631_6848718659976921262_n.jpg 1536w\" sizes=\"(max-width: 768px) 100vw, 768px\" \/><\/figure>\n\n\n\n<figure class=\"wp-block-image size-large\"><img loading=\"lazy\" decoding=\"async\" width=\"768\" height=\"1024\" data-id=\"772\" src=\"https:\/\/centrumorchidea.sk\/wp-content\/uploads\/2024\/11\/465215878_529823886346625_5239295221827507721_n-768x1024.jpg\" alt=\"\" class=\"wp-image-772\" srcset=\"https:\/\/centrumorchidea.sk\/wp-content\/uploads\/2024\/11\/465215878_529823886346625_5239295221827507721_n-768x1024.jpg 768w, https:\/\/centrumorchidea.sk\/wp-content\/uploads\/2024\/11\/465215878_529823886346625_5239295221827507721_n-225x300.jpg 225w, https:\/\/centrumorchidea.sk\/wp-content\/uploads\/2024\/11\/465215878_529823886346625_5239295221827507721_n-1152x1536.jpg 1152w, https:\/\/centrumorchidea.sk\/wp-content\/uploads\/2024\/11\/465215878_529823886346625_5239295221827507721_n.jpg 1536w\" sizes=\"(max-width: 768px) 100vw, 768px\" \/><\/figure>\n<\/figure>\n","protected":false},"excerpt":{"rendered":"<p>Jese\u0148 je obdob\u00edm, ktor\u00e9 prin\u00e1\u0161a n\u00e1dhern\u00e9 farebn\u00e9 scen\u00e9rie a nekone\u010dn\u00e9 mo\u017enosti na tvorenie. Deti z n\u00e1\u0161ho Centra sa spolu s pani vychov\u00e1vate\u013ekami rozhodli vyu\u017ei\u0165 tento \u010das na jedine\u010dn\u00fd kreat\u00edvny projekt. Po\u010das prech\u00e1dzky pr\u00edrodou si deti v\u0161\u00edmali kr\u00e1su opadan\u00e9ho l\u00edstia, ktor\u00e9 hr\u00e1 v\u0161etk\u00fdmi farbami jesene. Spolo\u010dne nazbierali r\u00f4zne druhy listov, ktor\u00e9 sa stali z\u00e1kladom pre ich jesenn\u00fa v\u00fdzdobu. Potom sa pustili do pr\u00e1ce: z kart\u00f3nu si vytvorili z\u00e1klady strom\u010dekov a pomocou nazbieran\u00e9ho l\u00edstia ich ozdobili pod\u013ea vlastnej predstavivosti. Ka\u017ed\u00fd strom\u010dek je origin\u00e1lny a odr\u00e1\u017ea jedine\u010dn\u00fa tvorivos\u0165 mal\u00fdch umelcov. Niektor\u00e9 deti si zvolili pestrofarebn\u00e9 kombin\u00e1cie, in\u00e9 dali prednos\u0165 jednoduchej elegancii z jedn\u00e9ho druhu listov. Pani vychov\u00e1vate\u013eky ich pri tom jemne usmer\u0148ovali, ale nech\u00e1vali dostatok priestoru na vlastn\u00e9 n\u00e1pady. Pri tejto aktivite si deti nielen rozv\u00edjali jemn\u00fa motoriku, ale z\u00e1rove\u0148 sa u\u010dili pracova\u0165 s r\u00f4znymi materi\u00e1lmi a rozv\u00edja\u0165 svoju fant\u00e1ziu. V\u00fdsledkom ich \u00fasilia je n\u00e1dhern\u00e1 jesenn\u00e1 v\u00fdzdoba, ktor\u00e1 teraz skr\u00e1\u0161\u013euje interi\u00e9r Centra a prin\u00e1\u0161a k\u00fasok pr\u00edrody aj dnu. Te\u0161\u00edme sa, \u017ee deti m\u00f4\u017eu za\u017ei\u0165 tak\u00e9to chv\u00edle pln\u00e9 radosti a kreativity, a sme hrd\u00ed na ich \u0161ikovnos\u0165 a nad\u0161enie pre tvorbu. Jesenn\u00e9 strom\u010deky s\u00fa d\u00f4kazom, \u017ee aj jednoduch\u00e9 materi\u00e1ly z pr\u00edrody m\u00f4\u017eu by\u0165 z\u00e1kladom pre \u00fa\u017easn\u00e9 diela. \ud83c\udf3f\ud83c\udf41<\/p>\n","protected":false},"author":2,"featured_media":775,"comment_status":"closed","ping_status":"open","sticky":false,"template":"","format":"standard","meta":{"_monsterinsights_skip_tracking":false,"_monsterinsights_sitenote_active":false,"_monsterinsights_sitenote_note":"","_monsterinsights_sitenote_category":0,"footnotes":""},"categories":[12,10],"tags":[],"yoast_head":"<!-- This site is optimized with the Yoast SEO plugin v22.7 - https:\/\/yoast.com\/wordpress\/plugins\/seo\/ -->\n<title>Jesenn\u00e1 prech\u00e1dzka pln\u00e1 kreativity: Deti tvorili vlastn\u00e9 strom\u010deky z kart\u00f3nu - Orchidea n.o.<\/title>\n<meta name=\"robots\" content=\"index, follow, max-snippet:-1, max-image-preview:large, max-video-preview:-1\" \/>\n<link rel=\"canonical\" href=\"https:\/\/centrumorchidea.sk\/index.php\/2024\/11\/21\/jesenna-prechadzka-plna-kreativity-deti-tvorili-vlastne-stromceky-z-kartonu\/\" \/>\n<meta property=\"og:locale\" content=\"sk_SK\" \/>\n<meta property=\"og:type\" content=\"article\" \/>\n<meta property=\"og:title\" content=\"Jesenn\u00e1 prech\u00e1dzka pln\u00e1 kreativity: Deti tvorili vlastn\u00e9 strom\u010deky z kart\u00f3nu - Orchidea n.o.\" \/>\n<meta property=\"og:description\" content=\"Jese\u0148 je obdob\u00edm, ktor\u00e9 prin\u00e1\u0161a n\u00e1dhern\u00e9 farebn\u00e9 scen\u00e9rie a nekone\u010dn\u00e9 mo\u017enosti na tvorenie. Deti z n\u00e1\u0161ho Centra sa spolu s pani vychov\u00e1vate\u013ekami rozhodli vyu\u017ei\u0165 tento \u010das na jedine\u010dn\u00fd kreat\u00edvny projekt. Po\u010das prech\u00e1dzky pr\u00edrodou si deti v\u0161\u00edmali kr\u00e1su opadan\u00e9ho l\u00edstia, ktor\u00e9 hr\u00e1 v\u0161etk\u00fdmi farbami jesene. Spolo\u010dne nazbierali r\u00f4zne druhy listov, ktor\u00e9 sa stali z\u00e1kladom pre ich jesenn\u00fa v\u00fdzdobu. Potom sa pustili do pr\u00e1ce: z kart\u00f3nu si vytvorili z\u00e1klady strom\u010dekov a pomocou nazbieran\u00e9ho l\u00edstia ich ozdobili pod\u013ea vlastnej predstavivosti. Ka\u017ed\u00fd strom\u010dek je origin\u00e1lny a odr\u00e1\u017ea jedine\u010dn\u00fa tvorivos\u0165 mal\u00fdch umelcov. Niektor\u00e9 deti si zvolili pestrofarebn\u00e9 kombin\u00e1cie, in\u00e9 dali prednos\u0165 jednoduchej elegancii z jedn\u00e9ho druhu listov. Pani vychov\u00e1vate\u013eky ich pri tom jemne usmer\u0148ovali, ale nech\u00e1vali dostatok priestoru na vlastn\u00e9 n\u00e1pady. Pri tejto aktivite si deti nielen rozv\u00edjali jemn\u00fa motoriku, ale z\u00e1rove\u0148 sa u\u010dili pracova\u0165 s r\u00f4znymi materi\u00e1lmi a rozv\u00edja\u0165 svoju fant\u00e1ziu. V\u00fdsledkom ich \u00fasilia je n\u00e1dhern\u00e1 jesenn\u00e1 v\u00fdzdoba, ktor\u00e1 teraz skr\u00e1\u0161\u013euje interi\u00e9r Centra a prin\u00e1\u0161a k\u00fasok pr\u00edrody aj dnu. Te\u0161\u00edme sa, \u017ee deti m\u00f4\u017eu za\u017ei\u0165 tak\u00e9to chv\u00edle pln\u00e9 radosti a kreativity, a sme hrd\u00ed na ich \u0161ikovnos\u0165 a nad\u0161enie pre tvorbu. Jesenn\u00e9 strom\u010deky s\u00fa d\u00f4kazom, \u017ee aj jednoduch\u00e9 materi\u00e1ly z pr\u00edrody m\u00f4\u017eu by\u0165 z\u00e1kladom pre \u00fa\u017easn\u00e9 diela. \ud83c\udf3f\ud83c\udf41\" \/>\n<meta property=\"og:url\" content=\"https:\/\/centrumorchidea.sk\/index.php\/2024\/11\/21\/jesenna-prechadzka-plna-kreativity-deti-tvorili-vlastne-stromceky-z-kartonu\/\" \/>\n<meta property=\"og:site_name\" content=\"Orchidea n.o.\" \/>\n<meta property=\"article:published_time\" content=\"2024-11-21T11:15:56+00:00\" \/>\n<meta property=\"article:modified_time\" content=\"2024-11-28T19:22:36+00:00\" \/>\n<meta property=\"og:image\" content=\"http:\/\/centrumorchidea.sk\/wp-content\/uploads\/2024\/11\/464689109_529823806346633_1694736561177373286_n.jpg\" \/>\n\t<meta property=\"og:image:width\" content=\"1536\" \/>\n\t<meta property=\"og:image:height\" content=\"2048\" \/>\n\t<meta property=\"og:image:type\" content=\"image\/jpeg\" \/>\n<meta name=\"author\" content=\"Orchidea n.o.\" \/>\n<meta name=\"twitter:card\" content=\"summary_large_image\" \/>\n<meta name=\"twitter:label1\" content=\"Autor\" \/>\n\t<meta name=\"twitter:data1\" content=\"Orchidea n.o.\" \/>\n\t<meta name=\"twitter:label2\" content=\"Predpokladan\u00fd \u010das \u010d\u00edtania\" \/>\n\t<meta name=\"twitter:data2\" content=\"3 min\u00faty\" \/>\n<script type=\"application\/ld+json\" class=\"yoast-schema-graph\">{\"@context\":\"https:\/\/schema.org\",\"@graph\":[{\"@type\":\"WebPage\",\"@id\":\"https:\/\/centrumorchidea.sk\/index.php\/2024\/11\/21\/jesenna-prechadzka-plna-kreativity-deti-tvorili-vlastne-stromceky-z-kartonu\/\",\"url\":\"https:\/\/centrumorchidea.sk\/index.php\/2024\/11\/21\/jesenna-prechadzka-plna-kreativity-deti-tvorili-vlastne-stromceky-z-kartonu\/\",\"name\":\"Jesenn\u00e1 prech\u00e1dzka pln\u00e1 kreativity: Deti tvorili vlastn\u00e9 strom\u010deky z kart\u00f3nu - Orchidea n.o.\",\"isPartOf\":{\"@id\":\"https:\/\/centrumorchidea.sk\/#website\"},\"primaryImageOfPage\":{\"@id\":\"https:\/\/centrumorchidea.sk\/index.php\/2024\/11\/21\/jesenna-prechadzka-plna-kreativity-deti-tvorili-vlastne-stromceky-z-kartonu\/#primaryimage\"},\"image\":{\"@id\":\"https:\/\/centrumorchidea.sk\/index.php\/2024\/11\/21\/jesenna-prechadzka-plna-kreativity-deti-tvorili-vlastne-stromceky-z-kartonu\/#primaryimage\"},\"thumbnailUrl\":\"https:\/\/centrumorchidea.sk\/wp-content\/uploads\/2024\/11\/464689109_529823806346633_1694736561177373286_n.jpg\",\"datePublished\":\"2024-11-21T11:15:56+00:00\",\"dateModified\":\"2024-11-28T19:22:36+00:00\",\"author\":{\"@id\":\"https:\/\/centrumorchidea.sk\/#\/schema\/person\/30cd236ca2f9ad32944dfe0dac27ede2\"},\"breadcrumb\":{\"@id\":\"https:\/\/centrumorchidea.sk\/index.php\/2024\/11\/21\/jesenna-prechadzka-plna-kreativity-deti-tvorili-vlastne-stromceky-z-kartonu\/#breadcrumb\"},\"inLanguage\":\"sk-SK\",\"potentialAction\":[{\"@type\":\"ReadAction\",\"target\":[\"https:\/\/centrumorchidea.sk\/index.php\/2024\/11\/21\/jesenna-prechadzka-plna-kreativity-deti-tvorili-vlastne-stromceky-z-kartonu\/\"]}]},{\"@type\":\"ImageObject\",\"inLanguage\":\"sk-SK\",\"@id\":\"https:\/\/centrumorchidea.sk\/index.php\/2024\/11\/21\/jesenna-prechadzka-plna-kreativity-deti-tvorili-vlastne-stromceky-z-kartonu\/#primaryimage\",\"url\":\"https:\/\/centrumorchidea.sk\/wp-content\/uploads\/2024\/11\/464689109_529823806346633_1694736561177373286_n.jpg\",\"contentUrl\":\"https:\/\/centrumorchidea.sk\/wp-content\/uploads\/2024\/11\/464689109_529823806346633_1694736561177373286_n.jpg\",\"width\":1536,\"height\":2048},{\"@type\":\"BreadcrumbList\",\"@id\":\"https:\/\/centrumorchidea.sk\/index.php\/2024\/11\/21\/jesenna-prechadzka-plna-kreativity-deti-tvorili-vlastne-stromceky-z-kartonu\/#breadcrumb\",\"itemListElement\":[{\"@type\":\"ListItem\",\"position\":1,\"name\":\"Home\",\"item\":\"https:\/\/centrumorchidea.sk\/\"},{\"@type\":\"ListItem\",\"position\":2,\"name\":\"Jesenn\u00e1 prech\u00e1dzka pln\u00e1 kreativity: Deti tvorili vlastn\u00e9 strom\u010deky z kart\u00f3nu\"}]},{\"@type\":\"WebSite\",\"@id\":\"https:\/\/centrumorchidea.sk\/#website\",\"url\":\"https:\/\/centrumorchidea.sk\/\",\"name\":\"Orchidea n.o.\",\"description\":\"NA\u0160IM CIE\u013dOM JE FUNK\u010cN\u00c1 RODINA = SPOKOJN\u00c9 DIE\u0164A  A \u00daSPE\u0160N\u00dd \u010cLOVEK \",\"potentialAction\":[{\"@type\":\"SearchAction\",\"target\":{\"@type\":\"EntryPoint\",\"urlTemplate\":\"https:\/\/centrumorchidea.sk\/?s={search_term_string}\"},\"query-input\":\"required name=search_term_string\"}],\"inLanguage\":\"sk-SK\"},{\"@type\":\"Person\",\"@id\":\"https:\/\/centrumorchidea.sk\/#\/schema\/person\/30cd236ca2f9ad32944dfe0dac27ede2\",\"name\":\"Orchidea n.o.\",\"image\":{\"@type\":\"ImageObject\",\"inLanguage\":\"sk-SK\",\"@id\":\"https:\/\/centrumorchidea.sk\/#\/schema\/person\/image\/\",\"url\":\"https:\/\/secure.gravatar.com\/avatar\/bb6f366d06c7db91570414c441ff67b3?s=96&d=mm&r=g\",\"contentUrl\":\"https:\/\/secure.gravatar.com\/avatar\/bb6f366d06c7db91570414c441ff67b3?s=96&d=mm&r=g\",\"caption\":\"Orchidea n.o.\"},\"sameAs\":[\"http:\/\/centrumorchidea.sk\"],\"url\":\"https:\/\/centrumorchidea.sk\/index.php\/author\/orchidea\/\"}]}<\/script>\n<!-- \/ Yoast SEO plugin. -->","yoast_head_json":{"title":"Jesenn\u00e1 prech\u00e1dzka pln\u00e1 kreativity: Deti tvorili vlastn\u00e9 strom\u010deky z kart\u00f3nu - Orchidea n.o.","robots":{"index":"index","follow":"follow","max-snippet":"max-snippet:-1","max-image-preview":"max-image-preview:large","max-video-preview":"max-video-preview:-1"},"canonical":"https:\/\/centrumorchidea.sk\/index.php\/2024\/11\/21\/jesenna-prechadzka-plna-kreativity-deti-tvorili-vlastne-stromceky-z-kartonu\/","og_locale":"sk_SK","og_type":"article","og_title":"Jesenn\u00e1 prech\u00e1dzka pln\u00e1 kreativity: Deti tvorili vlastn\u00e9 strom\u010deky z kart\u00f3nu - Orchidea n.o.","og_description":"Jese\u0148 je obdob\u00edm, ktor\u00e9 prin\u00e1\u0161a n\u00e1dhern\u00e9 farebn\u00e9 scen\u00e9rie a nekone\u010dn\u00e9 mo\u017enosti na tvorenie. Deti z n\u00e1\u0161ho Centra sa spolu s pani vychov\u00e1vate\u013ekami rozhodli vyu\u017ei\u0165 tento \u010das na jedine\u010dn\u00fd kreat\u00edvny projekt. Po\u010das prech\u00e1dzky pr\u00edrodou si deti v\u0161\u00edmali kr\u00e1su opadan\u00e9ho l\u00edstia, ktor\u00e9 hr\u00e1 v\u0161etk\u00fdmi farbami jesene. Spolo\u010dne nazbierali r\u00f4zne druhy listov, ktor\u00e9 sa stali z\u00e1kladom pre ich jesenn\u00fa v\u00fdzdobu. Potom sa pustili do pr\u00e1ce: z kart\u00f3nu si vytvorili z\u00e1klady strom\u010dekov a pomocou nazbieran\u00e9ho l\u00edstia ich ozdobili pod\u013ea vlastnej predstavivosti. Ka\u017ed\u00fd strom\u010dek je origin\u00e1lny a odr\u00e1\u017ea jedine\u010dn\u00fa tvorivos\u0165 mal\u00fdch umelcov. Niektor\u00e9 deti si zvolili pestrofarebn\u00e9 kombin\u00e1cie, in\u00e9 dali prednos\u0165 jednoduchej elegancii z jedn\u00e9ho druhu listov. Pani vychov\u00e1vate\u013eky ich pri tom jemne usmer\u0148ovali, ale nech\u00e1vali dostatok priestoru na vlastn\u00e9 n\u00e1pady. Pri tejto aktivite si deti nielen rozv\u00edjali jemn\u00fa motoriku, ale z\u00e1rove\u0148 sa u\u010dili pracova\u0165 s r\u00f4znymi materi\u00e1lmi a rozv\u00edja\u0165 svoju fant\u00e1ziu. V\u00fdsledkom ich \u00fasilia je n\u00e1dhern\u00e1 jesenn\u00e1 v\u00fdzdoba, ktor\u00e1 teraz skr\u00e1\u0161\u013euje interi\u00e9r Centra a prin\u00e1\u0161a k\u00fasok pr\u00edrody aj dnu. Te\u0161\u00edme sa, \u017ee deti m\u00f4\u017eu za\u017ei\u0165 tak\u00e9to chv\u00edle pln\u00e9 radosti a kreativity, a sme hrd\u00ed na ich \u0161ikovnos\u0165 a nad\u0161enie pre tvorbu. Jesenn\u00e9 strom\u010deky s\u00fa d\u00f4kazom, \u017ee aj jednoduch\u00e9 materi\u00e1ly z pr\u00edrody m\u00f4\u017eu by\u0165 z\u00e1kladom pre \u00fa\u017easn\u00e9 diela. \ud83c\udf3f\ud83c\udf41","og_url":"https:\/\/centrumorchidea.sk\/index.php\/2024\/11\/21\/jesenna-prechadzka-plna-kreativity-deti-tvorili-vlastne-stromceky-z-kartonu\/","og_site_name":"Orchidea n.o.","article_published_time":"2024-11-21T11:15:56+00:00","article_modified_time":"2024-11-28T19:22:36+00:00","og_image":[{"width":1536,"height":2048,"url":"http:\/\/centrumorchidea.sk\/wp-content\/uploads\/2024\/11\/464689109_529823806346633_1694736561177373286_n.jpg","type":"image\/jpeg"}],"author":"Orchidea n.o.","twitter_card":"summary_large_image","twitter_misc":{"Autor":"Orchidea n.o.","Predpokladan\u00fd \u010das \u010d\u00edtania":"3 min\u00faty"},"schema":{"@context":"https:\/\/schema.org","@graph":[{"@type":"WebPage","@id":"https:\/\/centrumorchidea.sk\/index.php\/2024\/11\/21\/jesenna-prechadzka-plna-kreativity-deti-tvorili-vlastne-stromceky-z-kartonu\/","url":"https:\/\/centrumorchidea.sk\/index.php\/2024\/11\/21\/jesenna-prechadzka-plna-kreativity-deti-tvorili-vlastne-stromceky-z-kartonu\/","name":"Jesenn\u00e1 prech\u00e1dzka pln\u00e1 kreativity: Deti tvorili vlastn\u00e9 strom\u010deky z kart\u00f3nu - Orchidea n.o.","isPartOf":{"@id":"https:\/\/centrumorchidea.sk\/#website"},"primaryImageOfPage":{"@id":"https:\/\/centrumorchidea.sk\/index.php\/2024\/11\/21\/jesenna-prechadzka-plna-kreativity-deti-tvorili-vlastne-stromceky-z-kartonu\/#primaryimage"},"image":{"@id":"https:\/\/centrumorchidea.sk\/index.php\/2024\/11\/21\/jesenna-prechadzka-plna-kreativity-deti-tvorili-vlastne-stromceky-z-kartonu\/#primaryimage"},"thumbnailUrl":"https:\/\/centrumorchidea.sk\/wp-content\/uploads\/2024\/11\/464689109_529823806346633_1694736561177373286_n.jpg","datePublished":"2024-11-21T11:15:56+00:00","dateModified":"2024-11-28T19:22:36+00:00","author":{"@id":"https:\/\/centrumorchidea.sk\/#\/schema\/person\/30cd236ca2f9ad32944dfe0dac27ede2"},"breadcrumb":{"@id":"https:\/\/centrumorchidea.sk\/index.php\/2024\/11\/21\/jesenna-prechadzka-plna-kreativity-deti-tvorili-vlastne-stromceky-z-kartonu\/#breadcrumb"},"inLanguage":"sk-SK","potentialAction":[{"@type":"ReadAction","target":["https:\/\/centrumorchidea.sk\/index.php\/2024\/11\/21\/jesenna-prechadzka-plna-kreativity-deti-tvorili-vlastne-stromceky-z-kartonu\/"]}]},{"@type":"ImageObject","inLanguage":"sk-SK","@id":"https:\/\/centrumorchidea.sk\/index.php\/2024\/11\/21\/jesenna-prechadzka-plna-kreativity-deti-tvorili-vlastne-stromceky-z-kartonu\/#primaryimage","url":"https:\/\/centrumorchidea.sk\/wp-content\/uploads\/2024\/11\/464689109_529823806346633_1694736561177373286_n.jpg","contentUrl":"https:\/\/centrumorchidea.sk\/wp-content\/uploads\/2024\/11\/464689109_529823806346633_1694736561177373286_n.jpg","width":1536,"height":2048},{"@type":"BreadcrumbList","@id":"https:\/\/centrumorchidea.sk\/index.php\/2024\/11\/21\/jesenna-prechadzka-plna-kreativity-deti-tvorili-vlastne-stromceky-z-kartonu\/#breadcrumb","itemListElement":[{"@type":"ListItem","position":1,"name":"Home","item":"https:\/\/centrumorchidea.sk\/"},{"@type":"ListItem","position":2,"name":"Jesenn\u00e1 prech\u00e1dzka pln\u00e1 kreativity: Deti tvorili vlastn\u00e9 strom\u010deky z kart\u00f3nu"}]},{"@type":"WebSite","@id":"https:\/\/centrumorchidea.sk\/#website","url":"https:\/\/centrumorchidea.sk\/","name":"Orchidea n.o.","description":"NA\u0160IM CIE\u013dOM JE FUNK\u010cN\u00c1 RODINA = SPOKOJN\u00c9 DIE\u0164A  A \u00daSPE\u0160N\u00dd \u010cLOVEK ","potentialAction":[{"@type":"SearchAction","target":{"@type":"EntryPoint","urlTemplate":"https:\/\/centrumorchidea.sk\/?s={search_term_string}"},"query-input":"required name=search_term_string"}],"inLanguage":"sk-SK"},{"@type":"Person","@id":"https:\/\/centrumorchidea.sk\/#\/schema\/person\/30cd236ca2f9ad32944dfe0dac27ede2","name":"Orchidea n.o.","image":{"@type":"ImageObject","inLanguage":"sk-SK","@id":"https:\/\/centrumorchidea.sk\/#\/schema\/person\/image\/","url":"https:\/\/secure.gravatar.com\/avatar\/bb6f366d06c7db91570414c441ff67b3?s=96&d=mm&r=g","contentUrl":"https:\/\/secure.gravatar.com\/avatar\/bb6f366d06c7db91570414c441ff67b3?s=96&d=mm&r=g","caption":"Orchidea n.o."},"sameAs":["http:\/\/centrumorchidea.sk"],"url":"https:\/\/centrumorchidea.sk\/index.php\/author\/orchidea\/"}]}},"_links":{"self":[{"href":"https:\/\/centrumorchidea.sk\/index.php\/wp-json\/wp\/v2\/posts\/791"}],"collection":[{"href":"https:\/\/centrumorchidea.sk\/index.php\/wp-json\/wp\/v2\/posts"}],"about":[{"href":"https:\/\/centrumorchidea.sk\/index.php\/wp-json\/wp\/v2\/types\/post"}],"author":[{"embeddable":true,"href":"https:\/\/centrumorchidea.sk\/index.php\/wp-json\/wp\/v2\/users\/2"}],"replies":[{"embeddable":true,"href":"https:\/\/centrumorchidea.sk\/index.php\/wp-json\/wp\/v2\/comments?post=791"}],"version-history":[{"count":1,"href":"https:\/\/centrumorchidea.sk\/index.php\/wp-json\/wp\/v2\/posts\/791\/revisions"}],"predecessor-version":[{"id":792,"href":"https:\/\/centrumorchidea.sk\/index.php\/wp-json\/wp\/v2\/posts\/791\/revisions\/792"}],"wp:featuredmedia":[{"embeddable":true,"href":"https:\/\/centrumorchidea.sk\/index.php\/wp-json\/wp\/v2\/media\/775"}],"wp:attachment":[{"href":"https:\/\/centrumorchidea.sk\/index.php\/wp-json\/wp\/v2\/media?parent=791"}],"wp:term":[{"taxonomy":"category","embeddable":true,"href":"https:\/\/centrumorchidea.sk\/index.php\/wp-json\/wp\/v2\/categories?post=791"},{"taxonomy":"post_tag","embeddable":true,"href":"https:\/\/centrumorchidea.sk\/index.php\/wp-json\/wp\/v2\/tags?post=791"}],"curies":[{"name":"wp","href":"https:\/\/api.w.org\/{rel}","templated":true}]}}